{"id":4705,"date":"2023-12-05T08:33:00","date_gmt":"2023-12-05T07:33:00","guid":{"rendered":"https:\/\/www.dgft.de\/?p=4705"},"modified":"2024-07-16T09:13:08","modified_gmt":"2024-07-16T07:13:08","slug":"4705-2","status":"publish","type":"post","link":"https:\/\/www.dgft.de\/en\/4705-2\/","title":{"rendered":"Kooperationsm\u00f6glichkeit - Mentale Gesundheit an Schulen"},"content":{"rendered":"<div class=\"fusion-fullwidth fullwidth-box fusion-builder-row-1 fusion-flex-container has-pattern-background has-mask-background nonhundred-percent-fullwidth non-hundred-percent-height-scrolling\" style=\"--awb-border-radius-top-left:0px;--awb-border-radius-top-right:0px;--awb-border-radius-bottom-right:0px;--awb-border-radius-bottom-left:0px;--awb-flex-wrap:wrap;\" ><div class=\"fusion-builder-row fusion-row fusion-flex-align-items-flex-start fusion-flex-content-wrap\" style=\"max-width:1144px;margin-left: calc(-4% \/ 2 );margin-right: calc(-4% \/ 2 );\"><div class=\"fusion-layout-column fusion_builder_column fusion-builder-column-0 fusion_builder_column_1_1 1_1 fusion-flex-column\" style=\"--awb-bg-size:cover;--awb-width-large:100%;--awb-margin-top-large:0px;--awb-spacing-right-large:1.92%;--awb-margin-bottom-large:20px;--awb-spacing-left-large:1.92%;--awb-width-medium:100%;--awb-order-medium:0;--awb-spacing-right-medium:1.92%;--awb-spacing-left-medium:1.92%;--awb-width-small:100%;--awb-order-small:0;--awb-spacing-right-small:1.92%;--awb-spacing-left-small:1.92%;\"><div class=\"fusion-column-wrapper fusion-column-has-shadow fusion-flex-justify-content-flex-start fusion-content-layout-column\"><div class=\"fusion-text fusion-text-1\"><p><a href=\"https:\/\/www.dgft.de\/ueber-uns\/aktuelles\/\"><i class=\"fb-icon-element-1 fb-icon-element fontawesome-icon fa-angle-double-right fas circle-no fusion-text-flow\" style=\"--awb-iconcolor:#c10000;--awb-font-size:18px;--awb-margin-right:30px;\"><\/i>Kooperationsm\u00f6glichkeit &#8211; Mentale Gesundheit an Schulen<\/a><\/p>\n<p>Vor kurzem wurde das Modellprojekt &#8220;Mental Health Coaches an Schulen&#8221;, ein Pr\u00e4ventionsprogramm der Jugendmigrationsdienste (JMD) gestartet. Das Programm zielt darauf ab, junge Menschen dazu zu ermutigen, sich aktiv und vorbeugend mit dem Thema psychische Gesundheit auseinanderzusetzen, offen \u00fcber ihre Gedanken und Gef\u00fchle zu sprechen, Strategien f\u00fcr den Umgang mit belastenden Situationen zu erlernen, ihre Resilienz zu st\u00e4rken und dadurch auch psychische Erkrankungen zu entstigmatisieren. Die Angebote an deutschlandweit 80 Standorten und 100 Kooperationsschulen werden durch Projektkoordinatoren organisiert. Diese Koordinatoren greifen f\u00fcr die Umsetzung sehr h\u00e4ufig auf externe Partner zur\u00fcck. Besonders gro\u00dfes Potenzial h\u00e4tte eine Kooperation mit Theatertherapeut*innen, welche als externe Fachkr\u00e4fte f\u00fcr einmalige oder regelm\u00e4\u00dfige Angebote mit der Zielgruppe Sch\u00fcler*innen an die Schulen kommen. M\u00f6gliche Themen der Angebote w\u00e4ren u.a. Selbstf\u00fcrsorge, Aktivierung von Ressourcen und der Umgang mit belastenden Gef\u00fchlen.<\/p>\n<p>Mehr Informationen und alle Standorte finden Sie auf\u00a0<a href=\"http:\/\/www.mental-health-coaches.de\/\" target=\"_blank\" rel=\"noopener\">www.mental-health-coaches.de<\/a><\/p>\n<p>Bei Fragen k\u00f6nnen Sie mich auch gerne kontaktieren. Tobias Rabanser, angehender Theatertherapeut und selbst Projektkoordinator im Programm Mental Health Coaches\u00a0<a class=\"mailto-link\" href=\"mailto:t.rabanser@posteo.de\" target=\"_blank\" rel=\"noopener\">t.rabanser@posteo.de<\/a><\/p>\n<\/div><\/div><\/div><\/div><\/div>\n","protected":false},"excerpt":{"rendered":"<p>Kooperationsm\u00f6glichkeit &#8211; Mentale Gesundheit an Schulen Vor kurzem wurde das Modellprojekt &#8220;Mental Health Coaches an Schulen&#8221;, ein Pr\u00e4ventionsprogramm der Jugendmigrationsdienste (JMD) gestartet. Das Programm zielt darauf ab, junge Menschen dazu zu ermutigen, sich aktiv und vorbeugend mit dem Thema psychische Gesundheit auseinanderzusetzen, offen \u00fcber ihre Gedanken und Gef\u00fchle zu sprechen, Strategien f\u00fcr den Umgang mit  [&#8230;]<\/p>\n","protected":false},"author":213,"featured_media":0,"comment_status":"closed","ping_status":"closed","sticky":false,"template":"","format":"standard","meta":{"_bbp_topic_count":0,"_bbp_reply_count":0,"_bbp_total_topic_count":0,"_bbp_total_reply_count":0,"_bbp_voice_count":0,"_bbp_anonymous_reply_count":0,"_bbp_topic_count_hidden":0,"_bbp_reply_count_hidden":0,"_bbp_forum_subforum_count":0,"footnotes":""},"categories":[83],"tags":[],"class_list":["post-4705","post","type-post","status-publish","format-standard","hentry","category-news-archiv-2023"],"_links":{"self":[{"href":"https:\/\/www.dgft.de\/en\/wp-json\/wp\/v2\/posts\/4705","targetHints":{"allow":["GET"]}}],"collection":[{"href":"https:\/\/www.dgft.de\/en\/wp-json\/wp\/v2\/posts"}],"about":[{"href":"https:\/\/www.dgft.de\/en\/wp-json\/wp\/v2\/types\/post"}],"author":[{"embeddable":true,"href":"https:\/\/www.dgft.de\/en\/wp-json\/wp\/v2\/users\/213"}],"replies":[{"embeddable":true,"href":"https:\/\/www.dgft.de\/en\/wp-json\/wp\/v2\/comments?post=4705"}],"version-history":[{"count":4,"href":"https:\/\/www.dgft.de\/en\/wp-json\/wp\/v2\/posts\/4705\/revisions"}],"predecessor-version":[{"id":4717,"href":"https:\/\/www.dgft.de\/en\/wp-json\/wp\/v2\/posts\/4705\/revisions\/4717"}],"wp:attachment":[{"href":"https:\/\/www.dgft.de\/en\/wp-json\/wp\/v2\/media?parent=4705"}],"wp:term":[{"taxonomy":"category","embeddable":true,"href":"https:\/\/www.dgft.de\/en\/wp-json\/wp\/v2\/categories?post=4705"},{"taxonomy":"post_tag","embeddable":true,"href":"https:\/\/www.dgft.de\/en\/wp-json\/wp\/v2\/tags?post=4705"}],"curies":[{"name":"wp","href":"https:\/\/api.w.org\/{rel}","templated":true}]}}