{"id":5450,"date":"2026-03-16T21:19:14","date_gmt":"2026-03-16T20:19:14","guid":{"rendered":"https:\/\/www.dgft.de\/?p=5450"},"modified":"2026-03-16T21:19:14","modified_gmt":"2026-03-16T20:19:14","slug":"stellenausschreibung-heiligenfeld-klinik-2-2-2-2","status":"publish","type":"post","link":"https:\/\/www.dgft.de\/en\/stellenausschreibung-heiligenfeld-klinik-2-2-2-2\/","title":{"rendered":"Stellenausschreibung Heiligenfeld Klinik Bad Kissingen"},"content":{"rendered":"<div class=\"fusion-fullwidth fullwidth-box fusion-builder-row-1 fusion-flex-container has-pattern-background has-mask-background nonhundred-percent-fullwidth non-hundred-percent-height-scrolling\" style=\"--awb-border-radius-top-left:0px;--awb-border-radius-top-right:0px;--awb-border-radius-bottom-right:0px;--awb-border-radius-bottom-left:0px;--awb-flex-wrap:wrap;\" ><div class=\"fusion-builder-row fusion-row fusion-flex-align-items-flex-start fusion-flex-content-wrap\" style=\"max-width:1144px;margin-left: calc(-4% \/ 2 );margin-right: calc(-4% \/ 2 );\"><div class=\"fusion-layout-column fusion_builder_column fusion-builder-column-0 fusion_builder_column_1_1 1_1 fusion-flex-column\" style=\"--awb-bg-size:cover;--awb-width-large:100%;--awb-margin-top-large:0px;--awb-spacing-right-large:1.92%;--awb-margin-bottom-large:20px;--awb-spacing-left-large:1.92%;--awb-width-medium:100%;--awb-order-medium:0;--awb-spacing-right-medium:1.92%;--awb-spacing-left-medium:1.92%;--awb-width-small:100%;--awb-order-small:0;--awb-spacing-right-small:1.92%;--awb-spacing-left-small:1.92%;\"><div class=\"fusion-column-wrapper fusion-column-has-shadow fusion-flex-justify-content-flex-start fusion-content-layout-column\"><div class=\"fusion-text fusion-text-1\"><h3>Stellenausschreibung Heiligenfeld Klinik Bad Kissingen<\/h3>\n<p>Die\u00a0Heiligenfeld Klinik Bad Kissingen\u00a0besetzt zum 01.04.2026 eine Stelle als Fachtherapeut (m\/w\/d) mit einem Stellenumfang von 75%.<\/p>\n<p>Heiligenfeld ist eine werteorientierte und innovative Klinikgruppe mit Hauptsitz in Bad Kissingen. Sie betreiben 9 Kliniken an 5 Standorten und besch\u00e4ftigen ca. 985 Mitarbeitende. Seit \u00fcber 35 Jahren leben sie eine ausgepr\u00e4gte Patienten- und Mitarbeiterorientierung in ihren Kliniken und wurden daf\u00fcr mehrfach ausgezeichnet.<\/p>\n<p>Die Fachklinik Heiligenfeld ist eine Klinik f\u00fcr psychosomatische Krankenhausbehandlung. Die medizinisch-therapeutische Behandlung ist in der Fachklinik Heiligenfeld nach einem ganzheitlichen, integrativen und menschlichen Therapiekonzept gestaltet, das alle Ebenen der Person einbezieht.<\/p>\n<p>Die vollst\u00e4ndige Stellenausschreibung mit allen relevanten Informationen finden Sie \u00fcber folgenden Link der Klinik-Website:<\/p>\n<p><a href=\"https:\/\/www.heiligenfeld.de\/stellen\/fachtherapeut-bad-kissingen-62062419\">https:\/\/www.heiligenfeld.de\/stellen\/fachtherapeut-bad-kissingen-62062419<\/a><\/p>\n<\/div><\/div><\/div><\/div><\/div>\n","protected":false},"excerpt":{"rendered":"<p>Stellenausschreibung Heiligenfeld Klinik Bad Kissingen Die\u00a0Heiligenfeld Klinik Bad Kissingen\u00a0besetzt zum 01.04.2026 eine Stelle als Fachtherapeut (m\/w\/d) mit einem Stellenumfang von 75%. Heiligenfeld ist eine werteorientierte und innovative Klinikgruppe mit Hauptsitz in Bad Kissingen. Sie betreiben 9 Kliniken an 5 Standorten und besch\u00e4ftigen ca. 985 Mitarbeitende. Seit \u00fcber 35 Jahren leben sie eine ausgepr\u00e4gte Patienten- und  [&#8230;]<\/p>\n","protected":false},"author":246,"featured_media":0,"comment_status":"closed","ping_status":"closed","sticky":false,"template":"","format":"standard","meta":{"_bbp_topic_count":0,"_bbp_reply_count":0,"_bbp_total_topic_count":0,"_bbp_total_reply_count":0,"_bbp_voice_count":0,"_bbp_anonymous_reply_count":0,"_bbp_topic_count_hidden":0,"_bbp_reply_count_hidden":0,"_bbp_forum_subforum_count":0,"footnotes":""},"categories":[5,82,84],"tags":[],"class_list":["post-5450","post","type-post","status-publish","format-standard","hentry","category-frontnews","category-news","category-stellen"],"_links":{"self":[{"href":"https:\/\/www.dgft.de\/en\/wp-json\/wp\/v2\/posts\/5450","targetHints":{"allow":["GET"]}}],"collection":[{"href":"https:\/\/www.dgft.de\/en\/wp-json\/wp\/v2\/posts"}],"about":[{"href":"https:\/\/www.dgft.de\/en\/wp-json\/wp\/v2\/types\/post"}],"author":[{"embeddable":true,"href":"https:\/\/www.dgft.de\/en\/wp-json\/wp\/v2\/users\/246"}],"replies":[{"embeddable":true,"href":"https:\/\/www.dgft.de\/en\/wp-json\/wp\/v2\/comments?post=5450"}],"version-history":[{"count":1,"href":"https:\/\/www.dgft.de\/en\/wp-json\/wp\/v2\/posts\/5450\/revisions"}],"predecessor-version":[{"id":5451,"href":"https:\/\/www.dgft.de\/en\/wp-json\/wp\/v2\/posts\/5450\/revisions\/5451"}],"wp:attachment":[{"href":"https:\/\/www.dgft.de\/en\/wp-json\/wp\/v2\/media?parent=5450"}],"wp:term":[{"taxonomy":"category","embeddable":true,"href":"https:\/\/www.dgft.de\/en\/wp-json\/wp\/v2\/categories?post=5450"},{"taxonomy":"post_tag","embeddable":true,"href":"https:\/\/www.dgft.de\/en\/wp-json\/wp\/v2\/tags?post=5450"}],"curies":[{"name":"wp","href":"https:\/\/api.w.org\/{rel}","templated":true}]}}