{"id":5473,"date":"2026-04-29T20:20:55","date_gmt":"2026-04-29T18:20:55","guid":{"rendered":"https:\/\/www.dgft.de\/?p=5473"},"modified":"2026-04-29T20:22:15","modified_gmt":"2026-04-29T18:22:15","slug":"stellenausschreibung-vivantes-klinikum-neukoelln-2-2-2-2-2","status":"publish","type":"post","link":"https:\/\/www.dgft.de\/en\/stellenausschreibung-vivantes-klinikum-neukoelln-2-2-2-2-2\/","title":{"rendered":"Stellenausschreibung Vivantes Klinikum Neuk\u00f6lln"},"content":{"rendered":"<div class=\"fusion-fullwidth fullwidth-box fusion-builder-row-1 fusion-flex-container has-pattern-background has-mask-background nonhundred-percent-fullwidth non-hundred-percent-height-scrolling\" style=\"--awb-border-radius-top-left:0px;--awb-border-radius-top-right:0px;--awb-border-radius-bottom-right:0px;--awb-border-radius-bottom-left:0px;--awb-flex-wrap:wrap;\" ><div class=\"fusion-builder-row fusion-row fusion-flex-align-items-flex-start fusion-flex-content-wrap\" style=\"max-width:1144px;margin-left: calc(-4% \/ 2 );margin-right: calc(-4% \/ 2 );\"><div class=\"fusion-layout-column fusion_builder_column fusion-builder-column-0 fusion_builder_column_1_1 1_1 fusion-flex-column\" style=\"--awb-bg-size:cover;--awb-width-large:100%;--awb-margin-top-large:0px;--awb-spacing-right-large:1.92%;--awb-margin-bottom-large:20px;--awb-spacing-left-large:1.92%;--awb-width-medium:100%;--awb-order-medium:0;--awb-spacing-right-medium:1.92%;--awb-spacing-left-medium:1.92%;--awb-width-small:100%;--awb-order-small:0;--awb-spacing-right-small:1.92%;--awb-spacing-left-small:1.92%;\"><div class=\"fusion-column-wrapper fusion-column-has-shadow fusion-flex-justify-content-flex-start fusion-content-layout-column\"><div class=\"fusion-text fusion-text-1\"><h3>Stellenausschreibung Vivantes Klinikum Neuk\u00f6lln<\/h3>\n<p>Das Vivantes Klinikum Neuk\u00f6lln hat ab sofort eine Stelle als <span class=\"contentbreadcrumb-title\">Spezialtherapeut*in &#8211; Logop\u00e4die, Musik-, Theater- oder Kunsttherapie mit 38,5 Wochenstunden (Teilzeit m\u00f6glich) f\u00fcr den Bereich Kinder- und Jugendpsychiatrie, Psychotherapie und Psychosomatik vakant.<\/span><\/p>\n<p>Vivantes ist Berlins gr\u00f6\u00dftes Gesundheitsnetzwerk \u2013 gemeinsam verbunden in der Arbeit mit und an den Menschen. In \u00fcber 100 Fachkliniken, Instituten und Pflegeeinrichtungen stellen wir die erstklassige medizinische und pflegerische Versorgung f\u00fcr einen gro\u00dfen Teil der Berliner*innen sicher. Wie Berlin sind wir in jedem Kiez ein wenig anders, aber eben immer auch ganz klar Vivantes.<\/p>\n<p>Die vollst\u00e4ndige Stellenausschreibung mit allen relevanten Informationen finden Sie \u00fcber folgenden Link der Klinik-Website:<\/p>\n<p><a href=\"https:\/\/karriere.vivantes.de\/stellenangebote\/detail\/spezialtherapeutin-logopaedie-musik-theater-oder-kunsttherapie-knk0146\/\">https:\/\/Spezialtherapeut*in &#8211; Theater- oder Kunsttherapie | Vivantes<\/a><\/p>\n<\/div><\/div><\/div><\/div><\/div>\n","protected":false},"excerpt":{"rendered":"<p>Stellenausschreibung Vivantes Klinikum Neuk\u00f6lln Das Vivantes Klinikum Neuk\u00f6lln hat ab sofort eine Stelle als Spezialtherapeut*in &#8211; Logop\u00e4die, Musik-, Theater- oder Kunsttherapie mit 38,5 Wochenstunden (Teilzeit m\u00f6glich) f\u00fcr den Bereich Kinder- und Jugendpsychiatrie, Psychotherapie und Psychosomatik vakant. Vivantes ist Berlins gr\u00f6\u00dftes Gesundheitsnetzwerk \u2013 gemeinsam verbunden in der Arbeit mit und an den Menschen. In \u00fcber 100  [&#8230;]<\/p>\n","protected":false},"author":246,"featured_media":0,"comment_status":"closed","ping_status":"closed","sticky":false,"template":"","format":"standard","meta":{"_bbp_topic_count":0,"_bbp_reply_count":0,"_bbp_total_topic_count":0,"_bbp_total_reply_count":0,"_bbp_voice_count":0,"_bbp_anonymous_reply_count":0,"_bbp_topic_count_hidden":0,"_bbp_reply_count_hidden":0,"_bbp_forum_subforum_count":0,"footnotes":""},"categories":[5,82,84],"tags":[],"class_list":["post-5473","post","type-post","status-publish","format-standard","hentry","category-frontnews","category-news","category-stellen"],"_links":{"self":[{"href":"https:\/\/www.dgft.de\/en\/wp-json\/wp\/v2\/posts\/5473","targetHints":{"allow":["GET"]}}],"collection":[{"href":"https:\/\/www.dgft.de\/en\/wp-json\/wp\/v2\/posts"}],"about":[{"href":"https:\/\/www.dgft.de\/en\/wp-json\/wp\/v2\/types\/post"}],"author":[{"embeddable":true,"href":"https:\/\/www.dgft.de\/en\/wp-json\/wp\/v2\/users\/246"}],"replies":[{"embeddable":true,"href":"https:\/\/www.dgft.de\/en\/wp-json\/wp\/v2\/comments?post=5473"}],"version-history":[{"count":2,"href":"https:\/\/www.dgft.de\/en\/wp-json\/wp\/v2\/posts\/5473\/revisions"}],"predecessor-version":[{"id":5475,"href":"https:\/\/www.dgft.de\/en\/wp-json\/wp\/v2\/posts\/5473\/revisions\/5475"}],"wp:attachment":[{"href":"https:\/\/www.dgft.de\/en\/wp-json\/wp\/v2\/media?parent=5473"}],"wp:term":[{"taxonomy":"category","embeddable":true,"href":"https:\/\/www.dgft.de\/en\/wp-json\/wp\/v2\/categories?post=5473"},{"taxonomy":"post_tag","embeddable":true,"href":"https:\/\/www.dgft.de\/en\/wp-json\/wp\/v2\/tags?post=5473"}],"curies":[{"name":"wp","href":"https:\/\/api.w.org\/{rel}","templated":true}]}}