{"id":5479,"date":"2026-04-29T20:37:56","date_gmt":"2026-04-29T18:37:56","guid":{"rendered":"https:\/\/www.dgft.de\/?p=5479"},"modified":"2026-04-29T20:37:56","modified_gmt":"2026-04-29T18:37:56","slug":"stellenausschreibung-awo-kreisverband-berlin-mitte","status":"publish","type":"post","link":"https:\/\/www.dgft.de\/en\/stellenausschreibung-awo-kreisverband-berlin-mitte\/","title":{"rendered":"Stellenausschreibung AWO Kreisverband Berlin-Mitte e.V."},"content":{"rendered":"<div class=\"fusion-fullwidth fullwidth-box fusion-builder-row-1 fusion-flex-container has-pattern-background has-mask-background nonhundred-percent-fullwidth non-hundred-percent-height-scrolling\" style=\"--awb-border-radius-top-left:0px;--awb-border-radius-top-right:0px;--awb-border-radius-bottom-right:0px;--awb-border-radius-bottom-left:0px;--awb-flex-wrap:wrap;\" ><div class=\"fusion-builder-row fusion-row fusion-flex-align-items-flex-start fusion-flex-content-wrap\" style=\"max-width:1144px;margin-left: calc(-4% \/ 2 );margin-right: calc(-4% \/ 2 );\"><div class=\"fusion-layout-column fusion_builder_column fusion-builder-column-0 fusion_builder_column_1_1 1_1 fusion-flex-column\" style=\"--awb-bg-size:cover;--awb-width-large:100%;--awb-margin-top-large:0px;--awb-spacing-right-large:1.92%;--awb-margin-bottom-large:20px;--awb-spacing-left-large:1.92%;--awb-width-medium:100%;--awb-order-medium:0;--awb-spacing-right-medium:1.92%;--awb-spacing-left-medium:1.92%;--awb-width-small:100%;--awb-order-small:0;--awb-spacing-right-small:1.92%;--awb-spacing-left-small:1.92%;\"><div class=\"fusion-column-wrapper fusion-column-has-shadow fusion-flex-justify-content-flex-start fusion-content-layout-column\"><div class=\"fusion-text fusion-text-1\"><h3>Stellenausschreibung AWO Kreisverband Berlin-Mitte e. V.<\/h3>\n<p>Der AWO Kreisverband Berlin-Mitte e. V. sucht f\u00fcr den Bereich Straff\u00e4lligenhilfe f\u00fcr Frauen in der Einrichtung IsA-K (Integration statt Ausgrenzung &#8211; Kleiderwerkstatt) ab 01.05.2026\u00a0eine Ergotherapeutin\/\u00a0Kunsttherapeutin\u00a0oder eine Mitarbeiterin* mit \u00e4hnlicher Qualifikation.<\/p>\n<p>Es handelt sich um eine zun\u00e4chst\u00a0<strong>befristete Stelle bis zum 31.12.2026<\/strong>\u00a0mit einer w\u00f6chentlichen Arbeitszeit von\u00a0<strong>20 Stunden<\/strong>\u00a0(Teilzeit). Aus konzeptionellen Gr\u00fcnden kann diese Position nur mit einer Frau* besetzt werden.<\/p>\n<p>Die Einrichtung Integration statt Ausgrenzung &#8211; Kleiderwerkstatt (lsA-K) bietet Frauen* Arbeitspl\u00e4tze und sozialp\u00e4dagogische Beratung zur ersatzweisen Tilgung von Geldstrafen und gerichtlichen Auflagen durch gemeinn\u00fctzige Arbeit. Die T\u00e4tigkeit beinhaltet die Anleitung der Klientinnen* in unserem textilgepr\u00e4gten Arbeitsbereich.<\/p>\n<p>Die Arbeiterwohlfahrt z\u00e4hlt\u00a0zu\u00a0den sechs Spitzenverb\u00e4nden der Freien Wohlfahrtspflege\u00a0in\u00a0Deutschland. Sie ist aufgrund ihrer Geschichte und ihres gesellschaftspolitischen Selbstverst\u00e4ndnisses ein Wohlfahrtsverband mit besonderer Pr\u00e4gung. Der AWO Kreisverband Berlin-Mitte e.V. ist mit \u00fcber 600 Mitarbeitenden in etwa 40 Einrichtungen einer der gro\u00dfen Tr\u00e4ger sozialer Arbeit in Berlin.<\/p>\n<p>Die vollst\u00e4ndige Stellenausschreibung mit allen relevanten Informationen finden Sie \u00fcber folgenden Link:<\/p>\n<p><a href=\"https:\/\/www.awo-jobs.de\/stellenangebote\/stellenangebot\/172313-ergotherapeutin-kunsttherapeutin-isa-k-straffaelligenhilfe-fuer-frauen\">Kunsttherapeut*in Job in Berlin | AWO Jobs<\/a><\/p>\n<\/div><\/div><\/div><\/div><\/div>\n","protected":false},"excerpt":{"rendered":"<p>Stellenausschreibung AWO Kreisverband Berlin-Mitte e. V. Der AWO Kreisverband Berlin-Mitte e. V. sucht f\u00fcr den Bereich Straff\u00e4lligenhilfe f\u00fcr Frauen in der Einrichtung IsA-K (Integration statt Ausgrenzung &#8211; Kleiderwerkstatt) ab 01.05.2026\u00a0eine Ergotherapeutin\/\u00a0Kunsttherapeutin\u00a0oder eine Mitarbeiterin* mit \u00e4hnlicher Qualifikation. Es handelt sich um eine zun\u00e4chst\u00a0befristete Stelle bis zum 31.12.2026\u00a0mit einer w\u00f6chentlichen Arbeitszeit von\u00a020 Stunden\u00a0(Teilzeit). Aus konzeptionellen Gr\u00fcnden kann  [&#8230;]<\/p>\n","protected":false},"author":246,"featured_media":0,"comment_status":"closed","ping_status":"closed","sticky":false,"template":"","format":"standard","meta":{"_bbp_topic_count":0,"_bbp_reply_count":0,"_bbp_total_topic_count":0,"_bbp_total_reply_count":0,"_bbp_voice_count":0,"_bbp_anonymous_reply_count":0,"_bbp_topic_count_hidden":0,"_bbp_reply_count_hidden":0,"_bbp_forum_subforum_count":0,"footnotes":""},"categories":[5,82,84],"tags":[],"class_list":["post-5479","post","type-post","status-publish","format-standard","hentry","category-frontnews","category-news","category-stellen"],"_links":{"self":[{"href":"https:\/\/www.dgft.de\/en\/wp-json\/wp\/v2\/posts\/5479","targetHints":{"allow":["GET"]}}],"collection":[{"href":"https:\/\/www.dgft.de\/en\/wp-json\/wp\/v2\/posts"}],"about":[{"href":"https:\/\/www.dgft.de\/en\/wp-json\/wp\/v2\/types\/post"}],"author":[{"embeddable":true,"href":"https:\/\/www.dgft.de\/en\/wp-json\/wp\/v2\/users\/246"}],"replies":[{"embeddable":true,"href":"https:\/\/www.dgft.de\/en\/wp-json\/wp\/v2\/comments?post=5479"}],"version-history":[{"count":1,"href":"https:\/\/www.dgft.de\/en\/wp-json\/wp\/v2\/posts\/5479\/revisions"}],"predecessor-version":[{"id":5480,"href":"https:\/\/www.dgft.de\/en\/wp-json\/wp\/v2\/posts\/5479\/revisions\/5480"}],"wp:attachment":[{"href":"https:\/\/www.dgft.de\/en\/wp-json\/wp\/v2\/media?parent=5479"}],"wp:term":[{"taxonomy":"category","embeddable":true,"href":"https:\/\/www.dgft.de\/en\/wp-json\/wp\/v2\/categories?post=5479"},{"taxonomy":"post_tag","embeddable":true,"href":"https:\/\/www.dgft.de\/en\/wp-json\/wp\/v2\/tags?post=5479"}],"curies":[{"name":"wp","href":"https:\/\/api.w.org\/{rel}","templated":true}]}}