{"id":5481,"date":"2026-04-29T20:43:21","date_gmt":"2026-04-29T18:43:21","guid":{"rendered":"https:\/\/www.dgft.de\/?p=5481"},"modified":"2026-04-29T20:44:07","modified_gmt":"2026-04-29T18:44:07","slug":"stellenausschreibung-klinikum-luedenscheid","status":"publish","type":"post","link":"https:\/\/www.dgft.de\/en\/stellenausschreibung-klinikum-luedenscheid\/","title":{"rendered":"Stellenausschreibung Klinikum L\u00fcdenscheid"},"content":{"rendered":"<div class=\"fusion-fullwidth fullwidth-box fusion-builder-row-1 fusion-flex-container has-pattern-background has-mask-background nonhundred-percent-fullwidth non-hundred-percent-height-scrolling\" style=\"--awb-border-radius-top-left:0px;--awb-border-radius-top-right:0px;--awb-border-radius-bottom-right:0px;--awb-border-radius-bottom-left:0px;--awb-flex-wrap:wrap;\" ><div class=\"fusion-builder-row fusion-row fusion-flex-align-items-flex-start fusion-flex-content-wrap\" style=\"max-width:1144px;margin-left: calc(-4% \/ 2 );margin-right: calc(-4% \/ 2 );\"><div class=\"fusion-layout-column fusion_builder_column fusion-builder-column-0 fusion_builder_column_1_1 1_1 fusion-flex-column\" style=\"--awb-bg-size:cover;--awb-width-large:100%;--awb-margin-top-large:0px;--awb-spacing-right-large:1.92%;--awb-margin-bottom-large:20px;--awb-spacing-left-large:1.92%;--awb-width-medium:100%;--awb-order-medium:0;--awb-spacing-right-medium:1.92%;--awb-spacing-left-medium:1.92%;--awb-width-small:100%;--awb-order-small:0;--awb-spacing-right-small:1.92%;--awb-spacing-left-small:1.92%;\"><div class=\"fusion-column-wrapper fusion-column-has-shadow fusion-flex-justify-content-flex-start fusion-content-layout-column\"><div class=\"fusion-text fusion-text-1\"><h3>Stellenausschreibung Klinikum L\u00fcdenscheid<\/h3>\n<p>Das Klinikum L\u00fcdenscheid sucht <strong>zum n\u00e4chstm\u00f6glichen Zeitpunkt in Voll- oder Teilzeit\u00a0<\/strong>Kunsttherapeut \/ Gestaltungstherapeut tiefenpsychologischem\/psychodynamischem Schwerpunkt (m\/w\/d).<\/p>\n<p>Das Klinikum L\u00fcdenscheid ist ein modern ausgestattetes Haus der Maximalversorgung (rd. 900 Betten bei 29 Fachabteilungen\/Instituten) und geh\u00f6rt zu einem kommunalen Unternehmensverbund mit insgesamt 3.770 Mitarbeitern, der einen wesentlichen Teil der Gesundheitsversorgung des M\u00e4rkischen Kreises sicherstellt. Das Klinikum L\u00fcdenscheid ist akademisches Lehrkrankenhaus der Universit\u00e4t Bonn und Kooperationspartner des Departements f\u00fcr Pflegewissenschaft der Universit\u00e4t Witten-Herdecke.<\/p>\n<p>Die vollst\u00e4ndige Stellenausschreibung mit allen relevanten Informationen finden Sie \u00fcber folgenden Link der Klinik-Website:<\/p>\n<p><a href=\"https:\/\/www.maerkische-kliniken.de\/maerkische-kliniken\/klinikum-luedenscheid\/karriere\/stellenangebote\/home\/stellenangebote\/stellenangebot\/kunsttherapeut-gestaltungstherapeut-tiefenpsychologischem-psychodynamischem-schwerpunkt-m-w-d-287.html\">Stellenangebot | M\u00e4rkische Gesundheitsholding<\/a><\/p>\n<\/div><\/div><\/div><\/div><\/div>\n","protected":false},"excerpt":{"rendered":"<p>Stellenausschreibung Klinikum L\u00fcdenscheid Das Klinikum L\u00fcdenscheid sucht zum n\u00e4chstm\u00f6glichen Zeitpunkt in Voll- oder Teilzeit\u00a0Kunsttherapeut \/ Gestaltungstherapeut tiefenpsychologischem\/psychodynamischem Schwerpunkt (m\/w\/d). Das Klinikum L\u00fcdenscheid ist ein modern ausgestattetes Haus der Maximalversorgung (rd. 900 Betten bei 29 Fachabteilungen\/Instituten) und geh\u00f6rt zu einem kommunalen Unternehmensverbund mit insgesamt 3.770 Mitarbeitern, der einen wesentlichen Teil der Gesundheitsversorgung des M\u00e4rkischen Kreises sicherstellt.  [&#8230;]<\/p>\n","protected":false},"author":246,"featured_media":0,"comment_status":"closed","ping_status":"closed","sticky":false,"template":"","format":"standard","meta":{"_bbp_topic_count":0,"_bbp_reply_count":0,"_bbp_total_topic_count":0,"_bbp_total_reply_count":0,"_bbp_voice_count":0,"_bbp_anonymous_reply_count":0,"_bbp_topic_count_hidden":0,"_bbp_reply_count_hidden":0,"_bbp_forum_subforum_count":0,"footnotes":""},"categories":[5,82,84],"tags":[],"class_list":["post-5481","post","type-post","status-publish","format-standard","hentry","category-frontnews","category-news","category-stellen"],"_links":{"self":[{"href":"https:\/\/www.dgft.de\/en\/wp-json\/wp\/v2\/posts\/5481","targetHints":{"allow":["GET"]}}],"collection":[{"href":"https:\/\/www.dgft.de\/en\/wp-json\/wp\/v2\/posts"}],"about":[{"href":"https:\/\/www.dgft.de\/en\/wp-json\/wp\/v2\/types\/post"}],"author":[{"embeddable":true,"href":"https:\/\/www.dgft.de\/en\/wp-json\/wp\/v2\/users\/246"}],"replies":[{"embeddable":true,"href":"https:\/\/www.dgft.de\/en\/wp-json\/wp\/v2\/comments?post=5481"}],"version-history":[{"count":2,"href":"https:\/\/www.dgft.de\/en\/wp-json\/wp\/v2\/posts\/5481\/revisions"}],"predecessor-version":[{"id":5483,"href":"https:\/\/www.dgft.de\/en\/wp-json\/wp\/v2\/posts\/5481\/revisions\/5483"}],"wp:attachment":[{"href":"https:\/\/www.dgft.de\/en\/wp-json\/wp\/v2\/media?parent=5481"}],"wp:term":[{"taxonomy":"category","embeddable":true,"href":"https:\/\/www.dgft.de\/en\/wp-json\/wp\/v2\/categories?post=5481"},{"taxonomy":"post_tag","embeddable":true,"href":"https:\/\/www.dgft.de\/en\/wp-json\/wp\/v2\/tags?post=5481"}],"curies":[{"name":"wp","href":"https:\/\/api.w.org\/{rel}","templated":true}]}}