{"id":5488,"date":"2026-04-29T21:05:05","date_gmt":"2026-04-29T19:05:05","guid":{"rendered":"https:\/\/www.dgft.de\/?p=5488"},"modified":"2026-04-29T21:05:05","modified_gmt":"2026-04-29T19:05:05","slug":"stellenausschreibung-psychiatrische-tagesklinik-forchheim","status":"publish","type":"post","link":"https:\/\/www.dgft.de\/en\/stellenausschreibung-psychiatrische-tagesklinik-forchheim\/","title":{"rendered":"Stellenausschreibung Psychiatrische Tagesklinik Forchheim"},"content":{"rendered":"<div class=\"fusion-fullwidth fullwidth-box fusion-builder-row-1 fusion-flex-container has-pattern-background has-mask-background nonhundred-percent-fullwidth non-hundred-percent-height-scrolling\" style=\"--awb-border-radius-top-left:0px;--awb-border-radius-top-right:0px;--awb-border-radius-bottom-right:0px;--awb-border-radius-bottom-left:0px;--awb-flex-wrap:wrap;\" ><div class=\"fusion-builder-row fusion-row fusion-flex-align-items-flex-start fusion-flex-content-wrap\" style=\"max-width:1144px;margin-left: calc(-4% \/ 2 );margin-right: calc(-4% \/ 2 );\"><div class=\"fusion-layout-column fusion_builder_column fusion-builder-column-0 fusion_builder_column_1_1 1_1 fusion-flex-column\" style=\"--awb-bg-size:cover;--awb-width-large:100%;--awb-margin-top-large:0px;--awb-spacing-right-large:1.92%;--awb-margin-bottom-large:20px;--awb-spacing-left-large:1.92%;--awb-width-medium:100%;--awb-order-medium:0;--awb-spacing-right-medium:1.92%;--awb-spacing-left-medium:1.92%;--awb-width-small:100%;--awb-order-small:0;--awb-spacing-right-small:1.92%;--awb-spacing-left-small:1.92%;\"><div class=\"fusion-column-wrapper fusion-column-has-shadow fusion-flex-justify-content-flex-start fusion-content-layout-column\"><div class=\"fusion-text fusion-text-1\"><h3>Stellenausschreibung Psychiatrische Tagesklinik Forchheim<\/h3>\n<p>Die Psychiatrische Tagesklinik Forchheim hat eine Stelle als\u00a0Kunsttherapeut (m\/w\/d) in Vollzeit (befristet auf 1 Jahr) vakant.<\/p>\n<p>Die Psychiatrische Tagesklinik Bamberg \u2013 Forchheim gemeinn\u00fctzige GmbH ist ein Tochterunternehmen der Sozialstiftung Bamberg, einem der gr\u00f6\u00dften\u00a0Gesundheits-\u00a0und Sozialdienstleister in Bayern. Die Psychiatrische Tagesklinik stellt eine qualitativ hochwertige Versorgung von Patienten und Patientinnen mit psychischen Erkrankungen in der Stadt und im Umkreis von Forchheim sicher.\u00a0Die psychiatrische Tagesklinik Bamberg Forchheim gemeinn\u00fctzige GmbH ist mit der teilstation\u00e4ren Versorgung mit 30 Behandlungspl\u00e4tzen im Krankenhausplan des Freistaates Bayern aufgenommen und erf\u00fcllt als Fachkrankenhaus einen medizinischen Versorgungsauftrag f\u00fcr die Region Forchheim. An die Tagesklinik ist die psychiatrische Institutsambulanz angegliedert. J\u00e4hrlich behandeln wir rund 250 Pateinten teilstation\u00e4r und 400 Patienten ambulant.\u00a0Gemeinsam arbeiten wir daran, die Umwelt zu sch\u00fctzen, nachhaltig zu wirtschaften und gleichzeitig unsere Angebote f\u00fcr die Patienten, Bewohner und Mitarbeiter stetig zu verbessern.<\/p>\n<p>Die vollst\u00e4ndige Stellenausschreibung mit allen relevanten Informationen finden Sie \u00fcber folgenden Link:<\/p>\n<p><a href=\"https:\/\/sozialstiftung-bamberg.dvinci-easy.com\/de\/jobs\/52680\/kunsttherapeut-mwd\">Kunsttherapeut (m\/w\/d)<\/a><\/p>\n<\/div><\/div><\/div><\/div><\/div>\n","protected":false},"excerpt":{"rendered":"<p>Stellenausschreibung Psychiatrische Tagesklinik Forchheim Die Psychiatrische Tagesklinik Forchheim hat eine Stelle als\u00a0Kunsttherapeut (m\/w\/d) in Vollzeit (befristet auf 1 Jahr) vakant. Die Psychiatrische Tagesklinik Bamberg \u2013 Forchheim gemeinn\u00fctzige GmbH ist ein Tochterunternehmen der Sozialstiftung Bamberg, einem der gr\u00f6\u00dften\u00a0Gesundheits-\u00a0und Sozialdienstleister in Bayern. Die Psychiatrische Tagesklinik stellt eine qualitativ hochwertige Versorgung von Patienten und Patientinnen mit psychischen Erkrankungen  [&#8230;]<\/p>\n","protected":false},"author":246,"featured_media":0,"comment_status":"closed","ping_status":"closed","sticky":false,"template":"","format":"standard","meta":{"_bbp_topic_count":0,"_bbp_reply_count":0,"_bbp_total_topic_count":0,"_bbp_total_reply_count":0,"_bbp_voice_count":0,"_bbp_anonymous_reply_count":0,"_bbp_topic_count_hidden":0,"_bbp_reply_count_hidden":0,"_bbp_forum_subforum_count":0,"footnotes":""},"categories":[5,82,84],"tags":[],"class_list":["post-5488","post","type-post","status-publish","format-standard","hentry","category-frontnews","category-news","category-stellen"],"_links":{"self":[{"href":"https:\/\/www.dgft.de\/en\/wp-json\/wp\/v2\/posts\/5488","targetHints":{"allow":["GET"]}}],"collection":[{"href":"https:\/\/www.dgft.de\/en\/wp-json\/wp\/v2\/posts"}],"about":[{"href":"https:\/\/www.dgft.de\/en\/wp-json\/wp\/v2\/types\/post"}],"author":[{"embeddable":true,"href":"https:\/\/www.dgft.de\/en\/wp-json\/wp\/v2\/users\/246"}],"replies":[{"embeddable":true,"href":"https:\/\/www.dgft.de\/en\/wp-json\/wp\/v2\/comments?post=5488"}],"version-history":[{"count":1,"href":"https:\/\/www.dgft.de\/en\/wp-json\/wp\/v2\/posts\/5488\/revisions"}],"predecessor-version":[{"id":5489,"href":"https:\/\/www.dgft.de\/en\/wp-json\/wp\/v2\/posts\/5488\/revisions\/5489"}],"wp:attachment":[{"href":"https:\/\/www.dgft.de\/en\/wp-json\/wp\/v2\/media?parent=5488"}],"wp:term":[{"taxonomy":"category","embeddable":true,"href":"https:\/\/www.dgft.de\/en\/wp-json\/wp\/v2\/categories?post=5488"},{"taxonomy":"post_tag","embeddable":true,"href":"https:\/\/www.dgft.de\/en\/wp-json\/wp\/v2\/tags?post=5488"}],"curies":[{"name":"wp","href":"https:\/\/api.w.org\/{rel}","templated":true}]}}