{"id":5490,"date":"2026-04-29T21:12:54","date_gmt":"2026-04-29T19:12:54","guid":{"rendered":"https:\/\/www.dgft.de\/?p=5490"},"modified":"2026-04-29T21:12:54","modified_gmt":"2026-04-29T19:12:54","slug":"stellenausschreibung-wildwasser-stuttgart","status":"publish","type":"post","link":"https:\/\/www.dgft.de\/en\/stellenausschreibung-wildwasser-stuttgart\/","title":{"rendered":"Stellenausschreibung Wildwasser Stuttgart e.V."},"content":{"rendered":"<div class=\"fusion-fullwidth fullwidth-box fusion-builder-row-1 fusion-flex-container has-pattern-background has-mask-background nonhundred-percent-fullwidth non-hundred-percent-height-scrolling\" style=\"--awb-border-radius-top-left:0px;--awb-border-radius-top-right:0px;--awb-border-radius-bottom-right:0px;--awb-border-radius-bottom-left:0px;--awb-flex-wrap:wrap;\" ><div class=\"fusion-builder-row fusion-row fusion-flex-align-items-flex-start fusion-flex-content-wrap\" style=\"max-width:1144px;margin-left: calc(-4% \/ 2 );margin-right: calc(-4% \/ 2 );\"><div class=\"fusion-layout-column fusion_builder_column fusion-builder-column-0 fusion_builder_column_1_1 1_1 fusion-flex-column\" style=\"--awb-bg-size:cover;--awb-width-large:100%;--awb-margin-top-large:0px;--awb-spacing-right-large:1.92%;--awb-margin-bottom-large:20px;--awb-spacing-left-large:1.92%;--awb-width-medium:100%;--awb-order-medium:0;--awb-spacing-right-medium:1.92%;--awb-spacing-left-medium:1.92%;--awb-width-small:100%;--awb-order-small:0;--awb-spacing-right-small:1.92%;--awb-spacing-left-small:1.92%;\"><div class=\"fusion-column-wrapper fusion-column-has-shadow fusion-flex-justify-content-flex-start fusion-content-layout-column\"><div class=\"fusion-text fusion-text-1\"><h3>Stellenausschreibung Wildwasser Stuttgart e.V.<\/h3>\n<p>Zur Erweiterung ihres Teams sucht die Fachberatungsstelle Wildwasser Stuttgart e.V. zum 01.07.26 eine P\u00e4dagogin\/ Sozialarbeiterin\/ Psychologin<br \/>\noder vergleichbare Qualifikation mit therapeutischer Zusatzausbildung in Teilzeit (60\u201380%). Wildwasser Stuttgart e.V. ist eine spezialisierte Fachberatungsstelle f\u00fcr Frauen* die in der Kindheit\/Jugend sexualisierte Gewalt erfahren haben.<\/p>\n<p>Die Zielgruppe und die Bedingungen der T\u00e4tigkeit erfordern die Besetzung mit einer weiblichen bzw. diversen Fachkraft (z. B. Frauen*, inter*, nicht-bin\u00e4re,<br \/>\ntrans* Personen). Sie begr\u00fc\u00dfen ausdr\u00fccklich Bewerbungen von Menschen, die Diskriminierung oder gesellschaftliche Benachteiligung erfahren haben.<br \/>\nWenn Sie Ihre fachliche Expertise in einem engagierten Umfeld einbringen und aktiv mitgestalten m\u00f6chten, freuen sie sich auf Ihre Bewerbung.<\/p>\n<p>Die vollst\u00e4ndige Stellenausschreibung mit allen relevanten Informationen finden Sie \u00fcber folgenden Link:<\/p>\n<p><a href=\"https:\/\/www.dgft.de\/wp-content\/uploads\/StellenausschreibungWildwasserStuttgart.pdf\">P\u00e4dagogin\/ Sozialarbeiterin\/ Psychologin<\/a><\/p>\n<\/div><\/div><\/div><\/div><\/div>\n","protected":false},"excerpt":{"rendered":"<p>Stellenausschreibung Wildwasser Stuttgart e.V. Zur Erweiterung ihres Teams sucht die Fachberatungsstelle Wildwasser Stuttgart e.V. zum 01.07.26 eine P\u00e4dagogin\/ Sozialarbeiterin\/ Psychologin oder vergleichbare Qualifikation mit therapeutischer Zusatzausbildung in Teilzeit (60\u201380%). Wildwasser Stuttgart e.V. ist eine spezialisierte Fachberatungsstelle f\u00fcr Frauen* die in der Kindheit\/Jugend sexualisierte Gewalt erfahren haben. Die Zielgruppe und die Bedingungen der T\u00e4tigkeit erfordern die  [&#8230;]<\/p>\n","protected":false},"author":246,"featured_media":0,"comment_status":"closed","ping_status":"closed","sticky":false,"template":"","format":"standard","meta":{"_bbp_topic_count":0,"_bbp_reply_count":0,"_bbp_total_topic_count":0,"_bbp_total_reply_count":0,"_bbp_voice_count":0,"_bbp_anonymous_reply_count":0,"_bbp_topic_count_hidden":0,"_bbp_reply_count_hidden":0,"_bbp_forum_subforum_count":0,"footnotes":""},"categories":[5,82,84],"tags":[],"class_list":["post-5490","post","type-post","status-publish","format-standard","hentry","category-frontnews","category-news","category-stellen"],"_links":{"self":[{"href":"https:\/\/www.dgft.de\/en\/wp-json\/wp\/v2\/posts\/5490","targetHints":{"allow":["GET"]}}],"collection":[{"href":"https:\/\/www.dgft.de\/en\/wp-json\/wp\/v2\/posts"}],"about":[{"href":"https:\/\/www.dgft.de\/en\/wp-json\/wp\/v2\/types\/post"}],"author":[{"embeddable":true,"href":"https:\/\/www.dgft.de\/en\/wp-json\/wp\/v2\/users\/246"}],"replies":[{"embeddable":true,"href":"https:\/\/www.dgft.de\/en\/wp-json\/wp\/v2\/comments?post=5490"}],"version-history":[{"count":1,"href":"https:\/\/www.dgft.de\/en\/wp-json\/wp\/v2\/posts\/5490\/revisions"}],"predecessor-version":[{"id":5492,"href":"https:\/\/www.dgft.de\/en\/wp-json\/wp\/v2\/posts\/5490\/revisions\/5492"}],"wp:attachment":[{"href":"https:\/\/www.dgft.de\/en\/wp-json\/wp\/v2\/media?parent=5490"}],"wp:term":[{"taxonomy":"category","embeddable":true,"href":"https:\/\/www.dgft.de\/en\/wp-json\/wp\/v2\/categories?post=5490"},{"taxonomy":"post_tag","embeddable":true,"href":"https:\/\/www.dgft.de\/en\/wp-json\/wp\/v2\/tags?post=5490"}],"curies":[{"name":"wp","href":"https:\/\/api.w.org\/{rel}","templated":true}]}}